{"id":5736,"date":"2025-09-11T16:42:44","date_gmt":"2025-09-11T21:42:44","guid":{"rendered":"https:\/\/incp.org.co\/revista-el-contador-publico\/?p=5736"},"modified":"2025-09-12T12:15:49","modified_gmt":"2025-09-12T17:15:49","slug":"indice-edicion-226","status":"publish","type":"post","link":"https:\/\/incp.org.co\/revista-el-contador-publico\/sin-categoria\/2025\/09\/indice-edicion-226\/","title":{"rendered":"\u00cdndice edici\u00f3n 226"},"content":{"rendered":"\n<p><strong>Editorial<\/strong><\/p>\n\n\n\n<p style=\"padding-left:5%\"><a style=\"text-decoration:none\" href=\"https:\/\/incp.org.co\/revista-el-contador-publico\/editorial\/2025\/09\/carta-editorial-5\/\"><strong>Carta editorial<\/strong><\/a><\/p>\n\n\n\n<p style=\"padding-left:10%; text-style:italic\">Descubra los temas centrales de esta nueva edici\u00f3n especial de la revista El Contador P\u00fablico.<\/p>\n\n\n\n<p><strong>Destacados<\/strong><\/p>\n\n\n\n<p style=\"padding-left:5%\"><a style=\"text-decoration:none\" href=\"https:\/\/incp.org.co\/revista-el-contador-publico\/destacados\/2025\/09\/humberto-fernandez-paz-asume-la-presidencia-del-incp-con-el-compromiso-de-fortalecer-su-relevancia-e-influencia\/\"><strong>Humberto Fern\u00e1ndez Paz asume la presidencia del INCP con el compromiso de fortalecer su relevancia e influencia  <\/strong><\/a><\/p>\n\n\n\n<p style=\"padding-left:10%\">Conozca sus proyecciones y perspectivas para el futuro del INCP.<\/p>\n\n\n\n<p style=\"padding-left:5%\"><a style=\"text-decoration:none\" href=\"https:\/\/incp.org.co\/revista-el-contador-publico\/destacados\/2025\/09\/un-liderazgo-con-proposito-la-huella-de-luisa-fernanda-salcedo-en-el-incp\/\"><strong>Un liderazgo con prop\u00f3sito: la huella de Luisa Fernanda Salcedo en el INCP <\/strong><\/a><\/p>\n\n\n\n<p style=\"padding-left:10%\">\u00c9tica, cercan\u00eda y compromiso gremial definieron su paso por la presidencia del INCP. <\/p>\n\n\n\n<p style=\"padding-left:5%\"><a style=\"text-decoration:none\" href=\"https:\/\/incp.org.co\/revista-el-contador-publico\/destacados\/2025\/09\/principales-novedades-de-la-tercera-edicion-de-la-niif-para-pymes\/\"><strong>Principales novedades de la tercera edici\u00f3n de la NIIF para Pymes<\/strong><\/a><\/p>\n\n\n\n<p style=\"padding-left:10%\">Consulte los puntos claves de esta nueva edici\u00f3n, emitida en febrero de 2025 y vigente a nivel internacional a partir del 1 de enero de 2027.<\/p>\n\n\n\n<p style=\"padding-left:5%\"><a style=\"text-decoration:none\" href=\"https:\/\/incp.org.co\/revista-el-contador-publico\/destacados\/2025\/09\/principales-cambios-en-la-nueva-version-de-la-nia-570-negocio-en-marcha\/\"><strong>Principales cambios en la nueva versi\u00f3n de la NIA 570 &#8211; Negocio en Marcha<\/strong><\/a><\/p>\n\n\n\n<p style=\"padding-left:10%\">Descubra cu\u00e1les son los nuevos requerimientos para evaluar la capacidad de una entidad de continuar operando.<\/p>\n\n\n\n<p style=\"padding-left:5%\"><a style=\"text-decoration:none\" href=\"https:\/\/incp.org.co\/revista-el-contador-publico\/destacados\/2025\/09\/negocio-en-marcha-enfoque-en-la-informacion-a-revelar\/\"><strong>Negocio en marcha: enfoque en la informaci\u00f3n a revelar<\/strong><\/a><\/p>\n\n\n\n<p style=\"padding-left:10%\">Explore c\u00f3mo revelar los juicios e incertidumbres que afectan la capacidad de una entidad para continuar operando.<\/p>\n\n\n\n<p style=\"padding-left:5%\"><a style=\"text-decoration:none\" href=\"https:\/\/incp.org.co\/revista-el-contador-publico\/destacados\/2025\/09\/proximas-actualizaciones-de-las-normas-internacionales-de-informacion-financiera-en-colombia\/\"><strong>Pr\u00f3ximas actualizaciones de las Normas Internacionales de Informaci\u00f3n Financiera en Colombia<\/strong><\/a><\/p>\n\n\n\n<p style=\"padding-left:10%\">Conozca las enmiendas a las NIIF que se espera sean incorporadas al marco normativo colombiano en 2025.<\/p>\n\n\n\n<p><strong>Especial<\/strong><\/p>\n\n\n\n<p style=\"padding-left:5%\"><a style=\"text-decoration:none\" href=\"https:\/\/incp.org.co\/revista-el-contador-publico\/especial\/2025\/09\/xii-cumbre-internacional-del-incp\/\"><strong>XII Cumbre Internacional del INCP<\/strong><\/a><\/p>\n\n\n\n<p style=\"padding-left:10%\">S\u00edntesis de lo vivido en este gran escenario profesional que puso en perspectiva la nueva era de la transformaci\u00f3n financiera, contable y empresarial.<\/p>\n\n\n\n<p><strong>Comisiones T\u00e9cnicas<\/strong><\/p>\n\n\n\n<p style=\"padding-left:5%\"><a style=\"text-decoration:none\" href=\"https:\/\/incp.org.co\/revista-el-contador-publico\/vision-experta\/comisiones-tecnicas-incp\/2025\/09\/efectos-economicos-y-fiscales-del-aumento-en-las-tarifas-de-autorretencion-decreto-0572-de-2025\/\"><strong>Efectos econ\u00f3micos y fiscales del aumento en las tarifas de autorretenci\u00f3n &#8211; Decreto 0572 de 2025<\/strong><\/a><\/p\n\n\n\n<p style=\"padding-left:10%\">An\u00e1lisis sobre el impacto en la liquidez empresarial y la din\u00e1mica de crecimiento de distintos sectores econ\u00f3micos.<\/p>\n\n\n\n<p style=\"padding-left:5%\"><a style=\"text-decoration:none\" href=\"https:\/\/incp.org.co\/revista-el-contador-publico\/vision-experta\/comisiones-tecnicas-incp\/2025\/09\/el-incp-envio-a-la-corte-constitucional-un-concepto-tecnico-sobre-la-tasa-de-tributacion-depurada\/\"><strong>El INCP envi\u00f3 a la Corte Constitucional un concepto t\u00e9cnico sobre la Tasa de Tributaci\u00f3n Depurada<\/strong><\/a><\/p\n\n\n\n<p style=\"padding-left:10%\">An\u00e1lisis sobre c\u00f3mo esta figura genera una doble tributaci\u00f3n estructural por las diferencias temporarias.<\/p>\n\n\n\n<p><strong>Actualidad<\/strong><\/p>\n\n\n\n<p style=\"padding-left:5%\"><a style=\"text-decoration:none\" href=\"https:\/\/incp.org.co\/revista-el-contador-publico\/tendencias\/actualidad\/2025\/09\/la-implementacion-de-los-estandares-del-issb-en-ecopetrol-un-camino-hacia-la-contabilidad-financiera-sostenible\/\"><strong>La implementaci\u00f3n de los est\u00e1ndares del ISSB en Ecopetrol: un camino hacia la contabilidad financiera sostenible<\/strong><\/a><\/p>\n\n\n\n<p style=\"padding-left:10%\">Ent\u00e9rese de c\u00f3mo la empresa m\u00e1s grande de Colombia avanza en la implementaci\u00f3n de las NIIF de Sostenibilidad.<\/p>\n\n\n\n<p style=\"padding-left:5%\"><a style=\"text-decoration:none\" href=\"https:\/\/incp.org.co\/revista-el-contador-publico\/tendencias\/actualidad\/2025\/09\/auditoria-financiera-en-el-sector-oil-gas-desafios-y-responsabilidades-en-el-contexto-colombiano\/\"><strong>Auditor\u00eda financiera en el sector Oil &#038; Gas: desaf\u00edos y responsabilidades en el contexto colombiano<\/strong><\/a><\/p\n\n\n\n<p style=\"padding-left:10%\">Para PwC la auditor\u00eda en este sector trasciende de la verificaci\u00f3n contable.<\/p>\n\n\n\n<p style=\"padding-left:5%\"><a style=\"text-decoration:none\" href=\"https:\/\/incp.org.co\/revista-el-contador-publico\/tendencias\/actualidad\/2025\/09\/la-sostenibilidad-tambien-se-audita-el-rol-del-contador-publico-en-la-debida-diligencia-empresarial\/\"><strong>La sostenibilidad tambi\u00e9n se audita: el rol del contador p\u00fablico en la debida diligencia empresarial<\/strong><\/a><\/p\n\n\n\n<p style=\"padding-left:10%\">Auren Colombia explica c\u00f3mo la sostenibilidad est\u00e1 abriendo un nuevo campo de acci\u00f3n para la profesi\u00f3n contable.<\/p>\n\n\n\n<p style=\"padding-left:5%\"><a style=\"text-decoration:none\" href=\"https:\/\/incp.org.co\/revista-el-contador-publico\/tendencias\/actualidad\/2025\/09\/contabilidad-de-impacto-la-nueva-agenda-para-empresas-contadores-y-reguladores\/\"><strong>Contabilidad de impacto: la nueva agenda para empresas, contadores y reguladores<\/strong><\/a><\/p\n\n\n\n<p style=\"padding-left:10%\">Llamado de Bakertilly a incorporar la medici\u00f3n de impactos como parte obligatoria de la rendici\u00f3n de cuentas.<\/p>\n\n\n\n<p style=\"padding-left:5%\"><a style=\"text-decoration:none\" href=\"https:\/\/incp.org.co\/revista-el-contador-publico\/tendencias\/actualidad\/2025\/09\/conoce-la-certificacion-internacional-de-sostenibilidad-para-las-finanzas-que-ofrece-el-incp\/\"><strong>Conoce la Certificaci\u00f3n Internacional de Sostenibilidad para las Finanzas que ofrece el INCP<\/strong><\/a><\/p\n\n\n\n<p style=\"padding-left:10%\">Una certificaci\u00f3n de ACCA, dirigida especialmente a contadores p\u00fablicos, financieros y profesiones afines.<\/p>\n\n\n\n<p><strong>Gu\u00eda<\/strong><\/p>\n\n\n\n<p style=\"padding-left:5%\"><a style=\"text-decoration:none\" href=\"https:\/\/incp.org.co\/revista-el-contador-publico\/guias-incp\/2025\/09\/niif-s1-requisitos-generales-para-la-divulgacion-de-informacion-financiera-relacionada-con-la-sostenibilidad\/\"><strong>NIIF S1 &#8211; Requisitos generales para la divulgaci\u00f3n de informaci\u00f3n financiera relacionada con la sostenibilidad<\/strong><\/a><\/p>\n\n\n\n<p style=\"padding-left:10%\">S\u00edntesis de los requerimientos de revelaci\u00f3n de la NIIF de Sostenibilidad 1, emitida por el ISSB en junio de 2023.<\/p>\n\n\n\n<p><strong>Social<\/strong><\/p>\n\n\n\n<p style=\"padding-left:5%\"><a style=\"text-decoration:none\" href=\"https:\/\/incp.org.co\/revista-el-contador-publico\/tendencias\/social\/2025\/09\/el-incp-impulsa-la-transformacion-estrategica-de-las-pequenas-y-medianas-firmas-contables-y-de-auditoria\/\"><strong>El INCP impulsa la transformaci\u00f3n estrat\u00e9gica de las peque\u00f1as y medianas firmas<\/strong><\/a><\/p>\n\n\n\n<p style=\"padding-left:10%\">Reviva los mejores momentos del Primer Seminario de Planeaci\u00f3n Estrat\u00e9gica para Peque\u00f1as y Medianas Firmas realizado por el INCP en junio de 2025.<\/p>\n\n\n\n<p style=\"padding-left:5%\"><a style=\"text-decoration:none\" href=\"https:\/\/incp.org.co\/revista-el-contador-publico\/tendencias\/actualidad\/2025\/09\/la-importancia-de-la-fase-de-planeacion-en-una-auditoria-de-estados-financieros\/\"><strong>La importancia de la fase de planeaci\u00f3n en una auditor\u00eda de estados financieros<\/strong><\/a><\/p>\n\n\n\n<p style=\"padding-left:10%\">Russell Bedford considera que una auditor\u00eda comienza en la planeaci\u00f3n: etapa clave para evaluar riesgos.<\/p>\n\n\n\n<p><strong>Innovaci\u00f3n<\/strong><\/p>\n\n\n\n<p style=\"padding-left:5%\"><a style=\"text-decoration:none\" href=\"https:\/\/incp.org.co\/revista-el-contador-publico\/tendencias\/innovacion\/2025\/09\/la-nueva-era-de-los-chips-cuanticos\/\"><strong>La nueva era de los chips cu\u00e1nticos <\/strong><\/a><\/p>\n\n\n\n<p style=\"padding-left:10%\">Ent\u00e9rese de c\u00f3mo los chips cu\u00e1nticos est\u00e1n acelerando la carrera tecnol\u00f3gica, con avances que prometen redefinir los l\u00edmites de la computaci\u00f3n.<\/p>\n\n\n\n<p><strong>Contenido de IFAC<\/strong><\/p>\n\n\n\n<p style=\"padding-left:5%\"><a style=\"text-decoration:none\" href=\"https:\/\/incp.org.co\/revista-el-contador-publico\/ifac\/noticias-ifac\/2025\/09\/modernizacion-de-la-norma-internacional-de-educacion-6\/\"><strong>Modernizaci\u00f3n de la Norma Internacional de Educaci\u00f3n 6<\/strong><\/a><\/p>\n\n\n\n<p style=\"padding-left:10%\">Descubra la nueva forma de evaluar las competencias profesionales en un entorno digital, inclusivo y global.<\/p>\n\n\n\n<p style=\"padding-left:5%\"><a style=\"text-decoration:none\" href=\"https:\/\/incp.org.co\/revista-el-contador-publico\/ifac\/noticias-ifac\/2025\/09\/revisiones-a-las-ies-2-3-y-4-en-materia-de-sostenibilidad\/\"><strong>Revisiones a las IES 2, 3 y 4 en materia de sostenibilidad<\/strong><\/a><\/p>\n\n\n\n<p style=\"padding-left:10%\">Conozca c\u00f3mo estas normas integran la sostenibilidad en la educaci\u00f3n contable.<\/p>\n\n\n\n<p style=\"padding-left:5%\"><a style=\"text-decoration:none\" href=\"https:\/\/incp.org.co\/revista-el-contador-publico\/ifac\/noticias-ifac\/2025\/09\/equipar-a-los-profesionales-de-la-contabilidad-para-la-sostenibilidad\/\"><strong>Equipar a los profesionales de la contabilidad para la sostenibilidad<\/strong><\/a><\/p>\n\n\n\n<p style=\"padding-left:10%\">Explore el marco educativo de IFAC que impulsa a los contadores p\u00fablicos a desarrollar competencias en sostenibilidad.<\/p>\n\n\n\n<p style=\"padding-left:5%\"><a style=\"text-decoration:none\" href=\"https:\/\/incp.org.co\/revista-el-contador-publico\/ifac\/noticias-ifac\/2025\/09\/preparacion-para-el-futuro-de-la-educacion-contable-9-consejos-sobre-que-ensenar-y-como-hacerlo\/\"><strong>Preparaci\u00f3n para el futuro de la educaci\u00f3n contable: 9 consejos sobre qu\u00e9 ense\u00f1ar y c\u00f3mo hacerlo<\/strong><\/a><\/p>\n\n\n\n<p style=\"padding-left:10%\">Consejos de IFAC para preparar a los futuros contadores con las habilidades y conocimientos que demandan los usuarios de sus servicios.<\/p>\n\n\n\n<hr class=\"wp-block-separator has-alpha-channel-opacity\"\/>\n","protected":false},"excerpt":{"rendered":"<p>Editorial Carta editorial Descubra los temas centrales de esta nueva edici\u00f3n especial de la revista El Contador P\u00fablico. Destacados Humberto Fern\u00e1ndez Paz asume la presidencia del INCP con el compromiso de fortalecer su relevancia e influencia Conozca sus proyecciones y perspectivas para el futuro del INCP. Un liderazgo con prop\u00f3sito: la huella de Luisa Fernanda&hellip; <br \/> <a class=\"read-more\" href=\"https:\/\/incp.org.co\/revista-el-contador-publico\/sin-categoria\/2025\/09\/indice-edicion-226\/\">Leer m\u00e1s<\/a><\/p>\n","protected":false},"author":2853,"featured_media":0,"comment_status":"open","ping_status":"open","sticky":false,"template":"","format":"standard","meta":{"footnotes":""},"categories":[1],"tags":[],"class_list":["post-5736","post","type-post","status-publish","format-standard","hentry","category-sin-categoria"],"_links":{"self":[{"href":"https:\/\/incp.org.co\/revista-el-contador-publico\/wp-json\/wp\/v2\/posts\/5736","targetHints":{"allow":["GET"]}}],"collection":[{"href":"https:\/\/incp.org.co\/revista-el-contador-publico\/wp-json\/wp\/v2\/posts"}],"about":[{"href":"https:\/\/incp.org.co\/revista-el-contador-publico\/wp-json\/wp\/v2\/types\/post"}],"author":[{"embeddable":true,"href":"https:\/\/incp.org.co\/revista-el-contador-publico\/wp-json\/wp\/v2\/users\/2853"}],"replies":[{"embeddable":true,"href":"https:\/\/incp.org.co\/revista-el-contador-publico\/wp-json\/wp\/v2\/comments?post=5736"}],"version-history":[{"count":5,"href":"https:\/\/incp.org.co\/revista-el-contador-publico\/wp-json\/wp\/v2\/posts\/5736\/revisions"}],"predecessor-version":[{"id":6009,"href":"https:\/\/incp.org.co\/revista-el-contador-publico\/wp-json\/wp\/v2\/posts\/5736\/revisions\/6009"}],"wp:attachment":[{"href":"https:\/\/incp.org.co\/revista-el-contador-publico\/wp-json\/wp\/v2\/media?parent=5736"}],"wp:term":[{"taxonomy":"category","embeddable":true,"href":"https:\/\/incp.org.co\/revista-el-contador-publico\/wp-json\/wp\/v2\/categories?post=5736"},{"taxonomy":"post_tag","embeddable":true,"href":"https:\/\/incp.org.co\/revista-el-contador-publico\/wp-json\/wp\/v2\/tags?post=5736"}],"curies":[{"name":"wp","href":"https:\/\/api.w.org\/{rel}","templated":true}]}}