{"id":5738,"date":"2025-09-11T16:36:43","date_gmt":"2025-09-11T21:36:43","guid":{"rendered":"https:\/\/incp.org.co\/revista-el-contador-publico\/?p=5738"},"modified":"2025-09-12T09:28:53","modified_gmt":"2025-09-12T14:28:53","slug":"carta-editorial-5","status":"publish","type":"post","link":"https:\/\/incp.org.co\/revista-el-contador-publico\/editorial\/2025\/09\/carta-editorial-5\/","title":{"rendered":"Carta editorial\u00a0"},"content":{"rendered":"\n<p>Estimado lector,&nbsp;<\/p>\n\n\n\n<p><p style=\"text-align:justify\">En esta edici\u00f3n especial de <em>El Contador P\u00fablico<\/em> traemos lo m\u00e1s destacado de los \u00faltimos seis meses: an\u00e1lisis y contenidos t\u00e9cnicos, tendencias globales y reflexiones que inspiran.&nbsp;<\/p><\/p>\n\n\n\n<p><p style=\"text-align:justify\">Iniciamos con la visi\u00f3n del nuevo presidente del INCP, Humberto Fern\u00e1ndez Paz, y un homenaje a la presidenta saliente, Luisa Fernanda Salcedo Saavedra. Incluimos adem\u00e1s un especial de la XII Cumbre Internacional del INCP, un escenario que proyect\u00f3 la nueva era de la transformaci\u00f3n financiera, contable y empresarial.&nbsp;&nbsp;<\/p><\/p>\n\n\n\n<p><p style=\"text-align:justify\">En Destacados encontrar\u00e1 los puntos clave de la tercera edici\u00f3n de la NIIF para Pymes, la nueva versi\u00f3n de la NIA 570 (Revisada 2024) sobre negocio en marcha y un adelanto de las pr\u00f3ximas actualizaciones de las NIIF en Colombia.\u00a0<\/p><\/p>\n\n\n\n<p><p style=\"text-align:justify\">El an\u00e1lisis tributario llega de la mano de la Comisi\u00f3n Tributaria del INCP, con dos temas de inter\u00e9s: los efectos econ\u00f3micos del Decreto 0572 de 2025 y la doble tributaci\u00f3n estructural que se deriva de la Tasa de Tributaci\u00f3n Depurada.&nbsp;<\/p><\/p>\n\n\n\n<p><p style=\"text-align:justify\">La secci\u00f3n de Actualidad tiene como protagonista a la sostenibilidad: el camino de Ecopetrol en la implementaci\u00f3n de las NIIF de Sostenibilidad, el aseguramiento de la informaci\u00f3n ASG, la contabilidad de impacto, la novedosa Certificaci\u00f3n Internacional de Sostenibilidad para las Finanzas que ofrece el INCP, y una gu\u00eda t\u00e9cnica sobre la NIIF S1.&nbsp;<\/p><\/p>\n\n\n\n<p><p style=\"text-align:justify\">Tambi\u00e9n compartimos la galer\u00eda del Primer Seminario de Planeaci\u00f3n Estrat\u00e9gica del INCP, contenidos sobre auditor\u00eda, una infograf\u00eda sobre los chips cu\u00e1nticos y otros temas que est\u00e1n marcando la agenda de la profesi\u00f3n contable.&nbsp;<\/p><\/p>\n\n\n\n<p><p style=\"text-align:justify\">A nivel global, compartimos algunos de los contenidos m\u00e1s reciente de la Federaci\u00f3n Internacional de Contadores &#8211; IFAC: la modernizaci\u00f3n de la Norma Internacional de Educaci\u00f3n 6, las revisiones a las IES 2, 3 y 4 para integrar sostenibilidad, y propuestas que subrayan la importancia de fortalecer las habilidades y competencias de los contadores p\u00fablicos, con la \u00e9tica como eje transversal, para liderar la transici\u00f3n hacia un futuro sostenible.&nbsp;<\/p><\/p>\n\n\n\n<p><p style=\"text-align:justify\">Lo invitamos a sumergirse en esta edici\u00f3n y dejarse inspirar por sus contenidos.\u00a0<\/p>\u00a0<\/p>\n\n\n\n<p class=\"has-text-align-right\"><strong>Equipo t\u00e9cnico del INCP<\/strong><\/p>\n","protected":false},"excerpt":{"rendered":"<p>Estimado lector,&nbsp; En esta edici\u00f3n especial de El Contador P\u00fablico traemos lo m\u00e1s destacado de los \u00faltimos seis meses: an\u00e1lisis y contenidos t\u00e9cnicos, tendencias globales y reflexiones que inspiran.&nbsp; Iniciamos con la visi\u00f3n del nuevo presidente del INCP, Humberto Fern\u00e1ndez Paz, y un homenaje a la presidenta saliente, Luisa Fernanda Salcedo Saavedra. Incluimos adem\u00e1s un&hellip; <br \/> <a class=\"read-more\" href=\"https:\/\/incp.org.co\/revista-el-contador-publico\/editorial\/2025\/09\/carta-editorial-5\/\">Leer m\u00e1s<\/a><\/p>\n","protected":false},"author":2853,"featured_media":5894,"comment_status":"open","ping_status":"open","sticky":false,"template":"","format":"standard","meta":{"footnotes":""},"categories":[122],"tags":[],"class_list":["post-5738","post","type-post","status-publish","format-standard","has-post-thumbnail","hentry","category-editorial"],"_links":{"self":[{"href":"https:\/\/incp.org.co\/revista-el-contador-publico\/wp-json\/wp\/v2\/posts\/5738","targetHints":{"allow":["GET"]}}],"collection":[{"href":"https:\/\/incp.org.co\/revista-el-contador-publico\/wp-json\/wp\/v2\/posts"}],"about":[{"href":"https:\/\/incp.org.co\/revista-el-contador-publico\/wp-json\/wp\/v2\/types\/post"}],"author":[{"embeddable":true,"href":"https:\/\/incp.org.co\/revista-el-contador-publico\/wp-json\/wp\/v2\/users\/2853"}],"replies":[{"embeddable":true,"href":"https:\/\/incp.org.co\/revista-el-contador-publico\/wp-json\/wp\/v2\/comments?post=5738"}],"version-history":[{"count":2,"href":"https:\/\/incp.org.co\/revista-el-contador-publico\/wp-json\/wp\/v2\/posts\/5738\/revisions"}],"predecessor-version":[{"id":5764,"href":"https:\/\/incp.org.co\/revista-el-contador-publico\/wp-json\/wp\/v2\/posts\/5738\/revisions\/5764"}],"wp:featuredmedia":[{"embeddable":true,"href":"https:\/\/incp.org.co\/revista-el-contador-publico\/wp-json\/wp\/v2\/media\/5894"}],"wp:attachment":[{"href":"https:\/\/incp.org.co\/revista-el-contador-publico\/wp-json\/wp\/v2\/media?parent=5738"}],"wp:term":[{"taxonomy":"category","embeddable":true,"href":"https:\/\/incp.org.co\/revista-el-contador-publico\/wp-json\/wp\/v2\/categories?post=5738"},{"taxonomy":"post_tag","embeddable":true,"href":"https:\/\/incp.org.co\/revista-el-contador-publico\/wp-json\/wp\/v2\/tags?post=5738"}],"curies":[{"name":"wp","href":"https:\/\/api.w.org\/{rel}","templated":true}]}}